{"id":860,"date":"2015-07-16T18:32:53","date_gmt":"2015-07-16T18:32:53","guid":{"rendered":"http:\/\/www.seele-und-sorge.de\/?p=860"},"modified":"2015-07-23T05:36:42","modified_gmt":"2015-07-23T05:36:42","slug":"ehrenamt","status":"publish","type":"post","link":"https:\/\/www.seele-und-sorge.de\/?p=860","title":{"rendered":"Kirche und Engagement"},"content":{"rendered":"<h3><a href=\"http:\/\/www.seele-und-sorge.de\/wp-content\/uploads\/2015\/01\/SuS_Logo_RGB_mit-Unterzeile-Kopie.png\"><img loading=\"lazy\" decoding=\"async\" class=\"aligncenter size-medium wp-image-857\" src=\"http:\/\/www.seele-und-sorge.de\/wp-content\/uploads\/2015\/01\/SuS_Logo_RGB_mit-Unterzeile-Kopie-300x107.png\" alt=\"SuS_Logo_RGB_mit Unterzeile Kopie\" width=\"300\" height=\"107\" srcset=\"https:\/\/www.seele-und-sorge.de\/wp-content\/uploads\/2015\/01\/SuS_Logo_RGB_mit-Unterzeile-Kopie-300x107.png 300w, https:\/\/www.seele-und-sorge.de\/wp-content\/uploads\/2015\/01\/SuS_Logo_RGB_mit-Unterzeile-Kopie.png 576w\" sizes=\"(max-width: 300px) 100vw, 300px\" \/><\/a><\/h3>\n<h3>Interview mit\u00a0Perdita W\u00fcnsch \u2013\u00a0Referentin f\u00fcr Ehrenamtliche,\u00a0Diakonin,\u00a0Freiwilligenmanagerin<\/h3>\n<p><a href=\"http:\/\/www.seele-und-sorge.de\/wp-content\/uploads\/2015\/07\/IMG_20150606_1159181.jpg\"><img loading=\"lazy\" decoding=\"async\" class=\" wp-image-862 size-full alignleft\" src=\"http:\/\/www.seele-und-sorge.de\/wp-content\/uploads\/2015\/07\/IMG_20150606_1159181.jpg\" alt=\"\" width=\"420\" height=\"401\" srcset=\"https:\/\/www.seele-und-sorge.de\/wp-content\/uploads\/2015\/07\/IMG_20150606_1159181.jpg 420w, https:\/\/www.seele-und-sorge.de\/wp-content\/uploads\/2015\/07\/IMG_20150606_1159181-300x286.jpg 300w\" sizes=\"(max-width: 420px) 100vw, 420px\" \/><\/a>\u201eDie evangelische Kirche ist eine Ehrenamtskirche\u201c. Wirklich? Der Satz, den ich voriges Jahr in einem Interview verwendet habe, ist offenbar strittig und provokativ. Manche meinen, er leugne die realen Strukturen und Machtverh\u00e4ltnisse- schlie\u00dflich sind es die meisten hauptamtlichen \u201e Funktionstr\u00e4ger\u201c, die die wesentlichen Entscheidungen \u00fcber Finanzen, Immobilien, Arbeitsschwerpunkte, kurz, die \u201ezuk\u00fcnftige Aufstellung\u201c der Kirche treffen. Manche meinen, der Satz sei ideologisch, weil er die evangelische \u00dcberzeugung vom Priestertum aller Getauften nutze, wenn der Stellenplan enger w\u00fcrde und die Ehrenamtlichen als \u201eL\u00fcckenb\u00fc\u00dfer\u201c ran m\u00fcssten- ganz so, wie es \u00fcberall in Kommunen, im Sozialwesen, in Kultureinrichtungen der Fall ist. Nein, Ehrenamtliche k\u00f6nnen den \u00fcberkommenden \u201e Amtsbetrieb\u201c nicht so aufrechterhalten wie er war \u2013 und sie sollten es auch nicht tun! Wenn ich sage, \u201e evangelische Kirche ist Ehrenamtskirche\u201c, dann meine ich etwas anderes: Es sind die so genannten Laien, die freiwillig Engagierten, Christinnen und Christen mit ihren allt\u00e4glichen Glaubenserfahrungen und Glaubensfragen, die die Kirche der Zukunft gestalten und ihr Erscheinungsbild pr\u00e4gen werden. Jedenfalls hoffe ich das. Denn die gesellschaftliche Anschlussf\u00e4higkeit der Kirche, ihre Glaubw\u00fcrdigkeit und ihre missionarische Kraft entscheiden sich daran, ob die Kirche als offene Gemeinschaft der Christinnen und Christen in unserem Alltag lebendig ist. <a href=\"http:\/\/www.seele-und-sorge.de\/?page_id=239\">Link zum Vortrag &#8222;Im Widerstreit der Meinungen&#8220;<\/a><\/p>\n<p>Etwas von dieser Kraft, aber auch von den notwendigen Zweifeln und Fragen habe ich zuletzt wieder auf dem Kirchentag in Stuttgart gesp\u00fcrt- am Ehrenamtstand auf dem Markt der M\u00f6glichkeiten. Schon vor Jahren hat die Hannoversche Landeskirche als eine der ersten ihre Arbeit mit Ehrenamtlichen dort zum Thema gemacht. Initiatorin war Perdita W\u00fcnsch. Die Pr\u00e4sentation, die sie mit ihrem Team vorbereitet hat, war von Anfang an so attraktiv und ideenreich, dass inzwischen viele Landeskirchen und auch die EKD gefolgt sind. Dieses Jahr hatten alle gemeinsam einen richtig gro\u00dfen Platz mit Informationen, Beratung und jeder Menge anderer Angebote. Dazu habe ich Perdita W\u00fcnsch gefragt:<\/p>\n<p><span style=\"color: #cf921e;\"><strong>Cornelia Coenen-Marx:<\/strong> Was waren r\u00fcckblickend die drei Ideen, die bei den Besuchern am besten angekommen sind?<\/span><\/p>\n<p><strong><a href=\"http:\/\/www.seele-und-sorge.de\/wp-content\/uploads\/2015\/07\/W\u00fcnsch_Perdita_Fav2.jpg\"><img loading=\"lazy\" decoding=\"async\" class=\" wp-image-901 size-full alignleft\" src=\"http:\/\/www.seele-und-sorge.de\/wp-content\/uploads\/2015\/07\/W\u00fcnsch_Perdita_Fav2.jpg\" alt=\"\" width=\"164\" height=\"210\" \/><\/a>Perdita W\u00fcnsch:\u00a0<\/strong>Am besten ist bei den Besuchern und Besucherinnen angekommen, dass sie erfahrene, in der Mehrzahl selbst ehrenamtlich engagierte Menschen treffen konnten, die sich in der Ehrenamtskoordination, in der Sorge f\u00fcr gute Rahmenbedingungen, in der Lobbyarbeit f\u00fcr Ehrenamtliche engagieren. Man konnte sich f\u00fcr 5, 10 oder 15 Minuten an einen Bistrotisch setzen und sich bei einem Kaffee austauschen. Oder mit einer Person aus dem Team den Parcours der 5 Sinne des Ehrenamtes abgehen und \u00fcber die Fragen sprechen, die sich dabei stellten: Wie schmeckt Ihnen Ihr Ehrenamt, wovon haben Sie die Nase voll, welches Gef\u00fchl verbinden Sie damit, h\u00f6ren Sie sich Ehrenamt mal an, wen sehen Sie von den Personen in welchem Ehrenamt ? Und auch die Materialien f\u00fcr die Praxis, die wir weitergeben konnten, erfreuten sich gro\u00dfer Beliebtheit: zum Beispiel die 12 Standards f\u00fcr das Ehrenamt mit Checklisten und Materialien zur Umsetzung oder das Handbuch f\u00fcr Ehrenamtliche.<\/p>\n<p><span style=\"color: #cf921e;\"><strong>Cornelia Coenen-Marx:<\/strong>\u00a0Wenn Sie auf Ihre Kirchentagsarbeit zur\u00fcck blicken: Was hat sich in den letzten Jahren bei den Besuchern ver\u00e4ndert? Spiegelt sich darin etwas von Ver\u00e4nderungsprozessen in der Kirche ?<\/span><\/p>\n<p><strong>Perdita W\u00fcnsch:<\/strong> Manche Besucher und Besucherinnen kamen zu unserem Stand, weil sie auf vorangegangenen Kirchentagen schon mal da waren und den aktuellen Austausch suchten. Das freute (und ehrteJ) unser Team sehr! Die Erfahrungen, mit denen die Ehrenamtlichen kamen, haben sich gl\u00fccklicherweise sp\u00fcrbar ver\u00e4ndert. 2009 noch kamen die meisten Besucher und Besucherinnen mit haarstr\u00e4ubenden Geschichten von mangelnder Wertsch\u00e4tzung, fehlender Erm\u00f6glichung bis Behinderung im Engagement oder dem Machtgebaren Hauptamtlicher. Mittlerweile h\u00f6ren wir mehr von ersten Schritten zu besserer Unterst\u00fctzung- z.B. durch verl\u00e4sslichere Auslagenerstattung, neuen M\u00f6glichkeiten zum Austausch oder der Erm\u00f6glichung von Fortbildung. Und auch die selbst\u00e4ndige \u00dcbernahme von Verantwortung scheint selbstverst\u00e4ndlicher zu werden. Den Leitungsgremien wie bei den Pfarrerinnen und Pfarrern scheint allm\u00e4hlich bewusst zu werden, dass man andere Menschen nur noch mit planvollem Handeln, f\u00fcr ein Ehrenamt gewinnen und im Engagement halten kann. Dazu geh\u00f6rt es, Aufgaben gut zu beschreiben im Blick auf die Kompetenzen wie auf das Zeitbudget. Darum waren viele Besucher so nachhaltig angetan von unseren 12 Standards f\u00fcr das Ehrenamt: Weil sie \u201eendlich mal schriftlich festhalten, was wichtig ist f\u00fcr das Ehrenamt zu bedenken, damit es auch Freude macht\u201c. So stand es an unserer Feedbackwand.<\/p>\n<p><span style=\"color: #cf921e;\"><strong>Cornelia Coenen-Marx:<\/strong> Und wenn Sie nach vorn schauen: was ist aus Ihrer Sicht unbedingt n\u00f6tig, um das freiwillige Engagement in der Kirche weiter zu entwickeln?<\/span><\/p>\n<p><strong>Perdita W\u00fcnsch:<\/strong> ich denke, es ist sehr wichtig, dass Menschen sp\u00fcren: hier kann ich mich an der Gestaltung von Kirche beteiligen mit meinen Kompetenzen und Leidenschaften, so wie ich bin und wie mein Leben gerade aussieht. In jedem Alter, mobil oder immobil, selbst wenn ich nur Zeit f\u00fcr ein Projekt habe. Daf\u00fcr finde ich Zutrauen, Ermutigung und die n\u00f6tige Unterst\u00fctzung durch verl\u00e4ssliche Ansprechpartner- die n\u00f6tigen Rahmenbedingungen, aber auch geistliche Begleitung. Menschen bei ihrem Engagement zu unterst\u00fctzen, ist die Aufgabe der Kirchen. Und wo sie Ehrenamtliche f\u00fcr bestimmte Aufgaben suchen, da sollte in den Beschreibungen erkennbar werden, wozu sie gemacht werden (sollen). Das ist uns leider immer noch sehr fremd. Deshalb brauchen wir noch eine ganze Zeit Koordinatoren und Koordinatorinnen oder Beauftragte , die dieses Bewusstsein wach halten und Neues voran bringen \u2013 am besten in Teams aus beruflich und ehrenamtlich T\u00e4tigen.<\/p>\n<p><span style=\"color: #cf921e;\"><strong>Cornelia Coenen-Marx:<\/strong><\/span> Ein Dank an Perdita W\u00fcnsch f\u00fcr dieses Interview! Am Ehrenamtsstand in Stuttgart war etwas sp\u00fcrbar von diesem Geist , von der Begeisterung der Engagierten. Am 25. September treffen sich \u00fcbrigens beruflich und freiwillig Engagierte wieder zu einer \u00f6kumenischen Tagung in Berlin, um \u00fcber die Perspektiven des kirchlichen und gesellschaftlichen Engagements zu beraten ( <a href=\"http:\/\/www.seele-und-sorge.de\/?event=oekumenische-tagung-zum-ehrenamtlichen-engagement-in-kirche-und-gesellschaft\" target=\"_blank\">\u00d6kumenische Tagung zum ehrenamtlichen Engagement in Kirche und Gesellschaft<\/a>). Perdita W\u00fcnsch und das Team vom Kirchentag werden auch dabei sein. Mehr zu der \u00f6kumenischen Bewegung, die dahinter steht, unter <a href=\"http:\/\/www.wir-engagieren-uns.com\" target=\"_blank\">www.wir-engagieren-uns.com<\/a><\/p>\n<p><a href=\"http:\/\/www.seele-und-sorge.de\/wp-content\/uploads\/2015\/07\/W\u00fcnsch_Perdita_Fav2.jpg\"><br \/>\n<\/a> <a href=\"http:\/\/www.seele-und-sorge.de\/wp-content\/uploads\/2015\/07\/Sinneparcours_web.jpg\"><img loading=\"lazy\" decoding=\"async\" class=\" size-large wp-image-902 alignleft\" src=\"http:\/\/www.seele-und-sorge.de\/wp-content\/uploads\/2015\/07\/Sinneparcours_web.jpg\" alt=\"Sinneparcours_web\" width=\"448\" height=\"336\" srcset=\"https:\/\/www.seele-und-sorge.de\/wp-content\/uploads\/2015\/07\/Sinneparcours_web.jpg 448w, https:\/\/www.seele-und-sorge.de\/wp-content\/uploads\/2015\/07\/Sinneparcours_web-300x225.jpg 300w\" sizes=\"(max-width: 448px) 100vw, 448px\" \/><\/a><\/p>\n<p>&nbsp;<\/p>\n<p>&nbsp;<\/p>\n<p>&nbsp;<\/p>\n<p>&nbsp;<\/p>\n<p>&nbsp;<\/p>\n<p>&nbsp;<\/p>\n<p>&nbsp;<\/p>\n<p>&nbsp;<\/p>\n<p><a href=\"http:\/\/www.seele-und-sorge.de\/wp-content\/uploads\/2015\/07\/Gespr\u00e4ch_web.jpg\"><img loading=\"lazy\" decoding=\"async\" class=\" size-full wp-image-903 alignleft\" src=\"http:\/\/www.seele-und-sorge.de\/wp-content\/uploads\/2015\/07\/Gespr\u00e4ch_web.jpg\" alt=\"Gespr\u00e4ch_web\" width=\"448\" height=\"336\" srcset=\"https:\/\/www.seele-und-sorge.de\/wp-content\/uploads\/2015\/07\/Gespr\u00e4ch_web.jpg 448w, https:\/\/www.seele-und-sorge.de\/wp-content\/uploads\/2015\/07\/Gespr\u00e4ch_web-300x225.jpg 300w\" sizes=\"(max-width: 448px) 100vw, 448px\" \/><\/a><\/p>\n","protected":false},"excerpt":{"rendered":"<p>Interview mit\u00a0Perdita W\u00fcnsch \u2013\u00a0Referentin f\u00fcr Ehrenamtliche,\u00a0Diakonin,\u00a0Freiwilligenmanagerin \u201eDie evangelische Kirche ist eine Ehrenamtskirche\u201c. Wirklich? Der Satz, den ich voriges Jahr in&#8230; <a href=\"https:\/\/www.seele-und-sorge.de\/?p=860\">read more<\/a><\/p>\n","protected":false},"author":1,"featured_media":0,"comment_status":"open","ping_status":"closed","sticky":false,"template":"","format":"standard","meta":{"footnotes":""},"categories":[1],"tags":[],"class_list":["post-860","post","type-post","status-publish","format-standard","hentry","category-allgemein"],"_links":{"self":[{"href":"https:\/\/www.seele-und-sorge.de\/index.php?rest_route=\/wp\/v2\/posts\/860"}],"collection":[{"href":"https:\/\/www.seele-und-sorge.de\/index.php?rest_route=\/wp\/v2\/posts"}],"about":[{"href":"https:\/\/www.seele-und-sorge.de\/index.php?rest_route=\/wp\/v2\/types\/post"}],"author":[{"embeddable":true,"href":"https:\/\/www.seele-und-sorge.de\/index.php?rest_route=\/wp\/v2\/users\/1"}],"replies":[{"embeddable":true,"href":"https:\/\/www.seele-und-sorge.de\/index.php?rest_route=%2Fwp%2Fv2%2Fcomments&post=860"}],"version-history":[{"count":2,"href":"https:\/\/www.seele-und-sorge.de\/index.php?rest_route=\/wp\/v2\/posts\/860\/revisions"}],"predecessor-version":[{"id":906,"href":"https:\/\/www.seele-und-sorge.de\/index.php?rest_route=\/wp\/v2\/posts\/860\/revisions\/906"}],"wp:attachment":[{"href":"https:\/\/www.seele-und-sorge.de\/index.php?rest_route=%2Fwp%2Fv2%2Fmedia&parent=860"}],"wp:term":[{"taxonomy":"category","embeddable":true,"href":"https:\/\/www.seele-und-sorge.de\/index.php?rest_route=%2Fwp%2Fv2%2Fcategories&post=860"},{"taxonomy":"post_tag","embeddable":true,"href":"https:\/\/www.seele-und-sorge.de\/index.php?rest_route=%2Fwp%2Fv2%2Ftags&post=860"}],"curies":[{"name":"wp","href":"https:\/\/api.w.org\/{rel}","templated":true}]}}