{"id":6398,"date":"2021-12-06T16:46:02","date_gmt":"2021-12-06T15:46:02","guid":{"rendered":"https:\/\/www.seele-und-sorge.de\/?p=6398"},"modified":"2021-12-09T14:40:46","modified_gmt":"2021-12-09T13:40:46","slug":"resonanzen-im-corona-advent","status":"publish","type":"post","link":"https:\/\/www.seele-und-sorge.de\/?p=6398","title":{"rendered":"Resonanzen im Corona-Advent"},"content":{"rendered":"\n<div class=\"wp-block-image\"><figure class=\"aligncenter is-resized\"><img loading=\"lazy\" decoding=\"async\" src=\"https:\/\/www.seele-und-sorge.de\/wp-content\/uploads\/2015\/01\/SuS_Logo_RGB_mit-Unterzeile-Kopie.png\" alt=\"\" class=\"wp-image-857\" width=\"288\" height=\"103\" srcset=\"https:\/\/www.seele-und-sorge.de\/wp-content\/uploads\/2015\/01\/SuS_Logo_RGB_mit-Unterzeile-Kopie.png 576w, https:\/\/www.seele-und-sorge.de\/wp-content\/uploads\/2015\/01\/SuS_Logo_RGB_mit-Unterzeile-Kopie-300x107.png 300w\" sizes=\"(max-width: 288px) 100vw, 288px\" \/><\/figure><\/div>\n\n\n\n<figure class=\"wp-block-image size-large\"><a href=\"https:\/\/www.seele-und-sorge.de\/wp-content\/uploads\/2021\/12\/IMG_20200107_170004-scaled.jpg\"><img loading=\"lazy\" decoding=\"async\" width=\"1024\" height=\"768\" src=\"https:\/\/www.seele-und-sorge.de\/wp-content\/uploads\/2021\/12\/IMG_20200107_170004-1024x768.jpg\" alt=\"\" class=\"wp-image-6399\" srcset=\"https:\/\/www.seele-und-sorge.de\/wp-content\/uploads\/2021\/12\/IMG_20200107_170004-1024x768.jpg 1024w, https:\/\/www.seele-und-sorge.de\/wp-content\/uploads\/2021\/12\/IMG_20200107_170004-300x225.jpg 300w, https:\/\/www.seele-und-sorge.de\/wp-content\/uploads\/2021\/12\/IMG_20200107_170004-768x576.jpg 768w, https:\/\/www.seele-und-sorge.de\/wp-content\/uploads\/2021\/12\/IMG_20200107_170004-1536x1152.jpg 1536w, https:\/\/www.seele-und-sorge.de\/wp-content\/uploads\/2021\/12\/IMG_20200107_170004-2048x1536.jpg 2048w\" sizes=\"(max-width: 1024px) 100vw, 1024px\" \/><\/a><\/figure>\n\n\n\n<p>Die Weihnachtsgeschichte erz\u00e4hlt, wie Maria einem Engel begegnet: Ihr wird eine Zukunft er\u00f6ffnet, die sie vollkommen \u00fcberfordert: \u00a0Sie soll den lebendigen Gott in die Welt tragen. Nun verl\u00e4sst sie ihr Haus \u2013 aufgew\u00fchlt, verunsichert, gl\u00fccklich und \u00e4ngstlich zugleich \u2013 und macht sich auf den Weg zu Elisabeth, der \u00e4lteren Freundin. Von ihr erhofft sie sich Klarheit. Dabei ist die selbst schwanger und wohl auch zutiefst irritiert\u00a0\u2013 niemand konnte damit rechnen, dass sie in ihrem Alter noch ein Kind bekommt.<\/p>\n\n\n\n<p>Die Bibel voll von solchen Geschichten, in denen das Unm\u00f6gliche m\u00f6glich wird. Wo Menschen der Boden unter den F\u00fc\u00dfen entzogen wird, die alten Gewissheiten schwinden. Wo sie Grenzen \u00fcberschreiten,\u00a0ja \u2013 sich selbst \u00fcberschreiten und ein neues Leben anfangen \u2013 auch im Alter noch.\u00a0Wie Abraham und Sara, auch sie kinderlos, denen nachts unter dem\u00a0Sternenhimmel eine reiche Nachkommenschaft verhei\u00dfen wird \u2013 wenn sie aufbrechen in das Land, das Gott ihnen verhei\u00dft. Aufbr\u00fcche, mit denen keiner mehr gerechnet h\u00e4tte. Leichte Wege sind es nicht. Abraham und Sara m\u00fcssen durch die W\u00fcste \u2013 \u00e4u\u00dferlich und auch innerlich: Es gibt Missverst\u00e4ndnisse, Verrat und Traurigkeiten. Maria geht \u00fcber das Gebirge \u2013\u00a0Adventslieder erz\u00e4hlen von den Dornen, die Rosen tragen. Aber als Maria und Elisabeth einander begegnen, h\u00fcpft das Kind in Elisabeths Leib.<\/p>\n\n\n\n<p>Der Philosoph Hartmut Rosa spricht von Resonanzerfahrungen: Das Universum ist nicht leer und stumm, sagt er, es klingt, es ruft mich, es antwortet mir. Ich f\u00fchle mich angerufen, gemeint, angesprochen. Und zugleich kenne ich diese Lebensphasen, in der ich keinen Boden mehr unter den F\u00fc\u00dfen hatte \u2013 Momente tiefer Irritation und Entfremdung. Ohne Entfremdungserfahrungen entwickelt man keine individuellen Resonanzachsen: Was spricht eigentlich zu mir? Auf welcher Frequenz bin ich empf\u00e4nglich? Um etwas zu empfangen, m\u00fcssen Sie eine Phase haben, in der die Welt still wird. In der sie nicht mehr mit ihr zurechtkommen, sagt Rosa in einem Interview.<\/p>\n\n\n\n<p>Manche haben den Lockdown so erlebt, erleben die Pandemie noch immer so. Gewohnte Routinen fielen aus.\u00a0Auch die kirchlichen. \u201eWeihnachten auf dem Kirchplatz \u2013 das war ja noch sch\u00f6n\u201c, sagte mir jemand. Aber Ostern? Ostern ohne Gottesdienst? Das war eigentlich unvorstellbar. Papst Franziskus im Regen auf dem leeren Petersplatz \u2013 war das vielleicht nur ein Vorzeichen? Wird der Tag kommen, an dem unsere Kirchen f\u00fcr immer leer bleiben?\u00a0<\/p>\n\n\n\n<p>F\u00fcr manche war der erste Lockdown wie eine Offenbarung. Im M\u00e4rz war der Himmel blau- ohne einzigen Kondensstreifen. Wir haben uns eine App gekauft, mit der man die V\u00f6gel bestimmen konnte. Die Natur nahm sich den Raum und manche begannen, davon zu tr\u00e4umen, wie es w\u00e4re, wenn wir wirklich weniger Auto f\u00fchren und weniger fl\u00f6gen\u2026 Sollte es nicht m\u00f6glich sein, die Wunden zu heilen, die wir der Sch\u00f6pfung geschlagen haben?<\/p>\n\n\n\n<p>\u201eIst uns jetzt wirklich gewahr, dass wir nicht mehr auf Zeit spielen k\u00f6nnen und dass jeder von uns geh\u00f6rige Ver\u00e4nderungen und ein fundamentales Umdenken in Kauf nehmen muss, wenn wir in der Klimaver\u00e4nderung auf den allerletzten Metern noch einen Richtungswechsel vollziehen wollen?\u201c, fragte Herbert Gr\u00f6nemeyer dieses Jahr in einem Podcast zur Bundestagswahl. \u201eUnd haben wir den Mut einer frischen, j\u00fcngeren Generation zuzuh\u00f6ren, Verantwortung zu \u00fcbertragen, sie zu st\u00e4rken und zu unterst\u00fctzen, Neues zu wagen, uns wieder zum Mitmachen zu motivieren, zu \u00fcberzeugen und gemeinsam mit ihnen zu lernen?\u201c<\/p>\n\n\n\n<p>Ich denke an Maria und Elisabeth, wie die \u00c4ltere sich \u00fcber die J\u00fcngere freut. An Hartmut Rosas Worte \u00fcber die Resonanz. Und an Franz Kafkas Parabel vom \u201e Aufbruch\u201c: Ich befahl mein Pferd aus dem Stall zu holen. Der Diener verstand mich nicht. Ich ging selbst in den Stall, sattelte mein Pferd und bestieg es. In der Ferne h\u00f6rte ich eine Trompete blasen, ich fragte ihn, was das bedeute. Er wusste nichts und hatte nichts geh\u00f6rt.\u201c So beginnt die kleine Geschichte. Nicht jeder empf\u00e4ngt die Resonanzen. Und auch der Erz\u00e4hler wei\u00df noch nicht, wo er hinreiten wird. Er wei\u00df nur, dass er aufbrechen muss. Und dass die Welt nicht bleiben kann, wie sie ist.<\/p>\n\n\n\n<p>Wie wird die Welt aussehen, wenn die Pandemie unter Kontrolle ist? Manche hoffen auf mehr Solidarit\u00e4t und Gemeinschaft, auf einen einfacheren Lebensstil, auf den 1,5 Grad-Pfad. Andere&nbsp; wollen so schnell wie m\u00f6glich zur\u00fcck auf den Wachstumspfad. Denn eins ist klar: der Weg in eine neue Gesellschaft, hin zu einem klimaneutralen Lebensstil wird nicht einfach. Das wusste auch Franz Kafka: Es ist eine wahrhaft ungeheure Reise, hei\u00dft es in dem Text. Es ist ein Weg \u00fcbers Gebirge.<\/p>\n","protected":false},"excerpt":{"rendered":"<p>Die Weihnachtsgeschichte erz\u00e4hlt, wie Maria einem Engel begegnet: Ihr wird eine Zukunft er\u00f6ffnet, die sie vollkommen \u00fcberfordert: \u00a0Sie soll den&#8230; <a href=\"https:\/\/www.seele-und-sorge.de\/?p=6398\">read more<\/a><\/p>\n","protected":false},"author":1,"featured_media":6399,"comment_status":"closed","ping_status":"closed","sticky":false,"template":"","format":"standard","meta":{"footnotes":""},"categories":[1],"tags":[],"class_list":["post-6398","post","type-post","status-publish","format-standard","has-post-thumbnail","hentry","category-allgemein"],"_links":{"self":[{"href":"https:\/\/www.seele-und-sorge.de\/index.php?rest_route=\/wp\/v2\/posts\/6398"}],"collection":[{"href":"https:\/\/www.seele-und-sorge.de\/index.php?rest_route=\/wp\/v2\/posts"}],"about":[{"href":"https:\/\/www.seele-und-sorge.de\/index.php?rest_route=\/wp\/v2\/types\/post"}],"author":[{"embeddable":true,"href":"https:\/\/www.seele-und-sorge.de\/index.php?rest_route=\/wp\/v2\/users\/1"}],"replies":[{"embeddable":true,"href":"https:\/\/www.seele-und-sorge.de\/index.php?rest_route=%2Fwp%2Fv2%2Fcomments&post=6398"}],"version-history":[{"count":4,"href":"https:\/\/www.seele-und-sorge.de\/index.php?rest_route=\/wp\/v2\/posts\/6398\/revisions"}],"predecessor-version":[{"id":6564,"href":"https:\/\/www.seele-und-sorge.de\/index.php?rest_route=\/wp\/v2\/posts\/6398\/revisions\/6564"}],"wp:featuredmedia":[{"embeddable":true,"href":"https:\/\/www.seele-und-sorge.de\/index.php?rest_route=\/wp\/v2\/media\/6399"}],"wp:attachment":[{"href":"https:\/\/www.seele-und-sorge.de\/index.php?rest_route=%2Fwp%2Fv2%2Fmedia&parent=6398"}],"wp:term":[{"taxonomy":"category","embeddable":true,"href":"https:\/\/www.seele-und-sorge.de\/index.php?rest_route=%2Fwp%2Fv2%2Fcategories&post=6398"},{"taxonomy":"post_tag","embeddable":true,"href":"https:\/\/www.seele-und-sorge.de\/index.php?rest_route=%2Fwp%2Fv2%2Ftags&post=6398"}],"curies":[{"name":"wp","href":"https:\/\/api.w.org\/{rel}","templated":true}]}}