{"id":439,"date":"2015-02-19T18:30:35","date_gmt":"2015-02-19T18:30:35","guid":{"rendered":"http:\/\/www.seele-und-sorge.de\/?p=439"},"modified":"2015-02-27T19:10:28","modified_gmt":"2015-02-27T19:10:28","slug":"ich-liebe-uebergaenge","status":"publish","type":"post","link":"https:\/\/www.seele-und-sorge.de\/?p=439","title":{"rendered":"Passagen: Ich liebe \u00dcberg\u00e4nge"},"content":{"rendered":"<p><a href=\"http:\/\/www.seele-und-sorge.de\/wp-content\/uploads\/2015\/02\/Wandel.jpg\"><img loading=\"lazy\" decoding=\"async\" class=\"alignnone size-large wp-image-418\" src=\"http:\/\/www.seele-und-sorge.de\/wp-content\/uploads\/2015\/02\/Wandel-1024x435.jpg\" alt=\"Wandel\" width=\"750\" height=\"319\" srcset=\"https:\/\/www.seele-und-sorge.de\/wp-content\/uploads\/2015\/02\/Wandel-1024x435.jpg 1024w, https:\/\/www.seele-und-sorge.de\/wp-content\/uploads\/2015\/02\/Wandel-300x127.jpg 300w\" sizes=\"(max-width: 750px) 100vw, 750px\" \/><\/a><\/p>\n<p>Ich liebe \u00dcberg\u00e4nge. Sie wecken in mir das Gef\u00fchl von Freiheit, Neugier und Abenteuerlust. Der Umzug mit dem vollgepackten M\u00f6belwagen, der Transitbereich im Flughafen, die Zeit zwischen den Jahren. Dabei denke ich an eine F\u00e4hrfahrt. Bei einem Arbeitsplatzwechsel vor einigen Jahren machte ich eine Woche Inselurlaub, um Abschied und Neuanfang bewusst wahrzunehmen. Die Fahrt war kurz, aber sie wurde f\u00fcr mich zum Symbol des Wechsels. Ich konnte beobachten, wie das alte Ufer hinter mir zur\u00fcckblieb und das Neue ganz allm\u00e4hlich Gestalt annahm. Und dazwischen die Fahrt auf dem grenzenlosen Meer. F\u00fcr mich ist es nicht so sehr der Anfang, dem der Zauber innewohnt, wie es bei Hermann Hesse hei\u00dft, sondern die Passage. Ein Jahr, ein Arbeitsplatz, ein Wohnort liegt hinter mir \u2013 und nie sehe ich das Alte, das ich verlasse, so klar wie in diesem Moment: kenntnisreich und dankbar, aber ohne Illusionen.<\/p>\n<p>Wir brauchen solche \u00dcbergangszeiten, um eine alte Identifikation zu l\u00f6sen, Gewohnheiten zu ver\u00e4ndern, ins Unbekannte aufzubrechen und uns neu zu \u201eerfinden\u201c. Dabei h\u00e4ngt viel von unseren Tr\u00e4umen, von unserer Hoffnung ab. Wie viel ungelebtes Leben wartet noch auf Gestaltung? In dem Augenblick, in dem wir die Komfortzone verlassen und unserer Sehnsucht folgen, beginne die wahre Glaubensreise, schreibt Richard Rohr. Dabei gehe es darum, das Geheimnis des Lebens zu lernen. Das bedeute immer auch, seine andere Seite anzunehmen: das Geheimnis des Todes und des Zweifels.<a href=\"#_ftn1\" name=\"_ftnref1\">[1]<\/a> So sehr ich das Abenteuer der Passagen liebe, so gut wei\u00df ich: Auch Angst und Verlustgef\u00fchle geh\u00f6ren dazu.<\/p>\n<p>Gerade erlebe ich wieder einen solchen Ver\u00e4nderungsprozess: Ich habe mich entschieden, meinen spannenden Arbeitsplatz in der EKD zu verlassen, um die Zeit- und Arbeitsrhythmen zu ver\u00e4ndern und aus meinen in mehr als drei\u00dfig Berufsjahren gesammelten Erfahrungen und Kompetenzen eigene Angebote zu gestalten. Ich sp\u00fcre tats\u00e4chlich einige Wehmut und auch Unruhe bei diesem Schritt. Aber vor allem kribbelt in mir die Freude, nun noch einmal etwas Neues anzupacken und Menschen in sozialen Organisationen, in Kirche und Zivilgesellschaft zu unterst\u00fctzen, denen es wie mir darum geht, mit profiliertem Engagement und guter Zusammenarbeit etwas zu bewegen.<\/p>\n<p>Dabei vertraue ich auf die Kraft von Spiritualit\u00e4t und auf eine Einsicht, die mir mein Glaube schenkt und die sich schon durch viele Erfahrungen best\u00e4tigt hat: Die Umbr\u00fcche und Ver\u00e4nderungen, die wir erfahren \u2013 als Einzelne, aber auch in unseren sozialen Zusammenh\u00e4ngen, in der Familie oder einer Stadt, im Unternehmen oder in einer ganzen Gesellschaft \u2013, m\u00fcssen keine Bedrohung unserer Identit\u00e4t sein. Im Gegenteil: Wenn wir den Augenblick erkennen, der uns herausfordert, wenn wir zum Aufbruch bereit sind, liegt darin die Chance, versch\u00fcttete W\u00fcnsche wieder zu sp\u00fcren, ungekannte F\u00e4higkeiten zu entdecken, neue Beziehungen zu kn\u00fcpfen, vielleicht auch Beziehungen anders zu leben \u2013 und in all dem unserer Berufung n\u00e4her zu kommen. Deshalb liebe ich nicht nur die Passagen; ich liebe es auch, andere in \u00dcbergangssituationen zu begleiten und sie darin zu unterst\u00fctzen, ihre Potenziale neu zu entdecken und zu nutzen. Hier auf www.seele-und-sorge.de finden Sie von nun an meine Angebote dazu. Ich freue mich auf Ihre Geschichten, Erfahrungen und Herausforderungen und darauf, bei Ihren Passagen mit auf der F\u00e4hre zu stehen.<\/p>\n<p>&nbsp;<\/p>\n<p><a href=\"#_ftnref1\" name=\"_ftn1\">[1]<\/a> Richard Rohr: Reifes Leben. Eine spirituelle Reise, Freiburg, Herder: 2014, S. 154.<\/p>\n","protected":false},"excerpt":{"rendered":"<p>Ich liebe \u00dcberg\u00e4nge. Sie wecken in mir das Gef\u00fchl von Freiheit, Neugier und Abenteuerlust. Der Umzug mit dem vollgepackten M\u00f6belwagen,&#8230; <a href=\"https:\/\/www.seele-und-sorge.de\/?p=439\">read more<\/a><\/p>\n","protected":false},"author":1,"featured_media":0,"comment_status":"closed","ping_status":"closed","sticky":false,"template":"","format":"standard","meta":{"footnotes":""},"categories":[8],"tags":[],"class_list":["post-439","post","type-post","status-publish","format-standard","hentry","category-uebergaenge"],"_links":{"self":[{"href":"https:\/\/www.seele-und-sorge.de\/index.php?rest_route=\/wp\/v2\/posts\/439"}],"collection":[{"href":"https:\/\/www.seele-und-sorge.de\/index.php?rest_route=\/wp\/v2\/posts"}],"about":[{"href":"https:\/\/www.seele-und-sorge.de\/index.php?rest_route=\/wp\/v2\/types\/post"}],"author":[{"embeddable":true,"href":"https:\/\/www.seele-und-sorge.de\/index.php?rest_route=\/wp\/v2\/users\/1"}],"replies":[{"embeddable":true,"href":"https:\/\/www.seele-und-sorge.de\/index.php?rest_route=%2Fwp%2Fv2%2Fcomments&post=439"}],"version-history":[{"count":4,"href":"https:\/\/www.seele-und-sorge.de\/index.php?rest_route=\/wp\/v2\/posts\/439\/revisions"}],"predecessor-version":[{"id":651,"href":"https:\/\/www.seele-und-sorge.de\/index.php?rest_route=\/wp\/v2\/posts\/439\/revisions\/651"}],"wp:attachment":[{"href":"https:\/\/www.seele-und-sorge.de\/index.php?rest_route=%2Fwp%2Fv2%2Fmedia&parent=439"}],"wp:term":[{"taxonomy":"category","embeddable":true,"href":"https:\/\/www.seele-und-sorge.de\/index.php?rest_route=%2Fwp%2Fv2%2Fcategories&post=439"},{"taxonomy":"post_tag","embeddable":true,"href":"https:\/\/www.seele-und-sorge.de\/index.php?rest_route=%2Fwp%2Fv2%2Ftags&post=439"}],"curies":[{"name":"wp","href":"https:\/\/api.w.org\/{rel}","templated":true}]}}