{"id":3368,"date":"2018-02-14T09:57:54","date_gmt":"2018-02-14T09:57:54","guid":{"rendered":"http:\/\/www.seele-und-sorge.de\/?p=3368"},"modified":"2018-12-13T10:06:42","modified_gmt":"2018-12-13T09:06:42","slug":"zeig-dich","status":"publish","type":"post","link":"https:\/\/www.seele-und-sorge.de\/?p=3368","title":{"rendered":"\u201eZeig Dich\u201c."},"content":{"rendered":"<h3><a href=\"http:\/\/www.seele-und-sorge.de\/wp-content\/uploads\/2015\/01\/SuS_Logo_RGB_mit-Unterzeile-Kopie.png\"><img loading=\"lazy\" decoding=\"async\" class=\"aligncenter size-medium wp-image-857\" src=\"http:\/\/www.seele-und-sorge.de\/wp-content\/uploads\/2015\/01\/SuS_Logo_RGB_mit-Unterzeile-Kopie-300x107.png\" alt=\"SuS_Logo_RGB_mit Unterzeile Kopie\" width=\"300\" height=\"107\" srcset=\"https:\/\/www.seele-und-sorge.de\/wp-content\/uploads\/2015\/01\/SuS_Logo_RGB_mit-Unterzeile-Kopie-300x107.png 300w, https:\/\/www.seele-und-sorge.de\/wp-content\/uploads\/2015\/01\/SuS_Logo_RGB_mit-Unterzeile-Kopie.png 576w\" sizes=\"(max-width: 300px) 100vw, 300px\" \/><\/a><\/h3>\n<p><a href=\"https:\/\/www.chrismonshop.de\/zeig-dich-sieben-wochen-ohne-kneifen.-tageswandkalender-1737.html\" target=\"_blank\" rel=\"noopener noreferrer\"><img loading=\"lazy\" decoding=\"async\" class=\"wp-image-3370 size-full alignleft\" src=\"http:\/\/www.seele-und-sorge.de\/wp-content\/uploads\/2018\/02\/Wandkalender.jpg\" alt=\"\" width=\"300\" height=\"247\" \/><\/a><\/p>\n<p>\u201eZeig dich!\u201c hei\u00dft die diesj\u00e4hrige Fastenaktion der evangelischen Kirche. Eine Ermutigung, so sichtbar zu werden, wie wir sind. Und zugleich eine Bitte, dass Gott sich zeigen m\u00f6ge, wenn wir uns nach ihm sehnen. In Krankheit zum Beispiel. Wenn wir von einem Arzt zum anderen geschickt werden. Oder wenn wir vor einer Operation stehen, schon vorbereitet im Krankenhaushemd. Ohne Uhr und Schmuck, nur mit dem Namensb\u00e4ndchen vom Krankenhaus. Es macht Angst, sich so nackt zu f\u00fchlen \u2013 da w\u00e4chst die Sehnsucht. \u201eIch will gesund werden\u201c, schreibt Pierre Stutz, \u201eangenommen in meinem Verwundetsein. Aufgehoben in meiner Begrenztheit. Ber\u00fchrt in meiner Unerreichbarkeit. Geheilt in der Tiefe meines Seins.\u201c<\/p>\n<p>Eine Geschichte aus der hebr\u00e4ischen Bibel erz\u00e4hlt, wie schwer das ist. Und dass es keineswegs einfacher, sondern sogar schwieriger werden kann, wenn wir \u201ewer sind\u201c. Die Geschichte handelt von dem obersten General in Aram, Naaman. Er war ein angesehener Mann, er hatte Israel im Kampf besiegt und geh\u00f6rte zu den engsten Vertrauten des K\u00f6nigs.\u00a0<span class=\"s1\">Er war auss\u00e4tzig, hei\u00dft es in der Bibel. Heute w\u00fcrden wir\u00a0wohl\u00a0sagen:\u00a0<\/span>Er bekam eine schwere Schuppenflechte, die furchtbaren Juckreiz und Entz\u00fcndungen ausl\u00f6ste. Dicke, verhornte Haut, die sich anf\u00fchlt wie ein Panzer \u2013 und darunter d\u00fcnne, angespannte Haut, blutig und schmerzend. Und unter der Haut \u201eeine Schicht Angst, eine Schicht Wut, eine Schicht Ekel, eine Schicht Scham, eine Schicht Schmerz\u201c, schreibt Susanne Niemeyer im Fastenbegleiter. \u201eIch wei\u00df, dass du nackt bist, und ich bin es auch.\u201c Manchmal ertragen wir uns einfach selbst nicht mehr. Ob es sich in sichtbarer Schuppenflechte \u00e4u\u00dfert oder ob es andere Teile unseres Selbst sind, f\u00fcr die wir uns sch\u00e4men \u2013 fast jeder kennt zumindest Momente der Angst, sich zu zeigen, mit anderen in Kontakt zu kommen.<\/p>\n<p>Es h\u00e4tte das Ende von Naamans Karriere sein k\u00f6nnen. Aber zum Gl\u00fcck gibt es in seinem Haus eine junge Sklavin \u2013 Kriegsbeute aus Israel. Wir kennen nicht einmal ihren Namen. Verschleppt und gedem\u00fctigt lebt sie im fremden Land. Vielleicht ist sie selbst aus guter Familie, aber hier macht sie die Schmutzarbeit. Was sie gesehen hat auf ihrem Leidensweg, hat ihr die Augen ge\u00f6ffnet. Sie sieht den Schmerz und den Schatten, der sich auf das ganze Haus gelegt hat. Und das Erstaunliche ist: Sie hat Mitleid. Und so erz\u00e4hlt sie Naamans Frau von dem Propheten in Samaria, der Menschen heilen kann. Als Naaman davon h\u00f6rt, z\u00f6gert er nicht einen Moment. Er geht zu seinem K\u00f6nig. Und der l\u00e4sst zehn Zentner Silber kommen und sechstausend Schekel Gold und dazu pr\u00e4chtige Gew\u00e4nder und dann schreibt er ein Empfehlungsschreiben an den K\u00f6nig von Israel. Von K\u00f6nig zu K\u00f6nig.<\/p>\n<p><a href=\"http:\/\/www.seele-und-sorge.de\/wp-content\/uploads\/2018\/02\/05.jpg\" target=\"_blank\" rel=\"noopener noreferrer\"><img loading=\"lazy\" decoding=\"async\" class=\"alignleft wp-image-3369\" src=\"http:\/\/www.seele-und-sorge.de\/wp-content\/uploads\/2018\/02\/05.jpg\" alt=\"\" width=\"300\" height=\"473\" srcset=\"https:\/\/www.seele-und-sorge.de\/wp-content\/uploads\/2018\/02\/05.jpg 376w, https:\/\/www.seele-und-sorge.de\/wp-content\/uploads\/2018\/02\/05-190x300.jpg 190w\" sizes=\"(max-width: 300px) 100vw, 300px\" \/><\/a>Kann man Gesundheit kaufen? Eigentlich nicht; das wissen wir nur zu genau. Und trotzdem: Die Debatte um die B\u00fcrgerversicherung erz\u00e4hlt von der Sorge, es hinge eben doch von Geld und Beziehungen ab, ob wir geheilt werden oder eben nicht. Ob jeder einen guten Facharzt und die beste Krebstherapie bekommt. Der verzweifelte Wunsch nach Heilung kann uns dann auf ganz unterschiedliche Wege f\u00fchren. Manche reisen quer durch die Welt zu den G\u00f6ttern der Medizin, hoffen auf eine neue Behandlungsmethode, warten auf ein Medikament. Andere fahren nach Indien, um einzutauchen im Ganges. Und die besten Tipps aus der alternativen Medizin werden unter der Hand weitergegeben.<\/p>\n<p>Der Geheimtipp der jungen Sklavin war Elisa, der Prophet aus Samaria, der fernab vom K\u00f6nigshof lebte. Als Naaman mit einem Wagen voll Gold an oberster Stelle landet, ahnt er nicht, dass er noch ganz runter muss. Aber dann macht der K\u00f6nig \u00fcberdeutlich, dass er ihm nicht helfen kann \u2013 er f\u00fchlt sich \u00fcberfordert. Eine Kriegslist? Gott sei Dank stehen da schon die Boten von Elisa vor der T\u00fcr und holen Naaman ab \u2013 nach Samaria. Nur: Den Propheten bekommt Naaman auch dort nicht zu Gesicht. Er wird vor der T\u00fcr abgefertigt, obwohl er wahrhaftig gut bezahlt h\u00e4tte. Kein Blick, keine Ber\u00fchrung. Stattdessen wird ihm nur eine Botschaft \u00fcberbracht: \u201eGeh hin und wasch dich im Jordan.\u201c So hat er sich die Hilfe nicht vorgestellt. Nein, das war nun wirklich keine Chefarztbehandlung. Das h\u00e4tte dieser Guru jedem Patienten sagen k\u00f6nnen \u2013 und das sagte er auch jedem. Denn es war das mosaische Gesetz f\u00fcr Auss\u00e4tzige.<\/p>\n<p>Jetzt bricht die Wut aus Naaman heraus. Der Panzer bricht auf und seine tiefe Verzweiflung macht sich Luft. Er f\u00fchlt sich nicht ernst genommen \u2013 nicht mit seiner Krankheit und nicht mit seiner Stellung. Gekr\u00e4nkt, verletzt, voll Wut und Selbstmitleid l\u00e4sst er umkehren und f\u00e4hrt zur\u00fcck Richtung Aram. Es scheint, als w\u00e4re alles umsonst gewesen. Aber in diesem Moment dreht sich die Geschichte. Die Heilung beginnt. Wie die junge Sklavin zu Hause, so sehen jetzt die Diener, was los ist. Diese einfachen M\u00e4nner, auch sie namenlos, holen ihn runter auf den Boden der Tatsachen: Stolz schadet nur, wenn man Hilfe braucht. \u201eWenn dir der Prophet etwas Gro\u00dfes geboten h\u00e4tte, w\u00fcrdest du es nicht tun?\u201c, fragen sie. \u201eWarum also nicht das Kleine, das Einfache tun?\u201c Verr\u00fcckt eigentlich: Naaman h\u00e4tte alles gegeben f\u00fcr seine Gesundheit. Aber sieben Mal untertauchen im Jordan \u2013 musste er daf\u00fcr so weit fahren? Nach allen Grenz\u00fcberschreitungen geht es jetzt darum, seine Grenzen anzuerkennen, sich der eigenen Ohnmacht zu stellen. Die Diener wissen das, sie kennen die Ohnmacht \u2013 und sie lieben ihren Herrn.<\/p>\n<p>Und so geht er dann runter zum Flussufer, legt die kostbaren Kleider ab und steht schlie\u00dflich nackt da. Er zeigt sich, wie er ist. Ohne Panzer und ohne Uniform. Verletzt, vernarbt, verwundet. Und dann taucht er in die Tiefe \u2013 sieben Mal, wie der Prophet gesagt hat. Als er auftaucht, f\u00fchlt er sich wie neu geboren. Seine Haut ist geheilt. Das Wunder, das Naaman erhofft hatte \u2013 und mit ihm alle, die ihn liebten \u2013 ist tats\u00e4chlich geschehen. Wenn auch ganz anders, als er es sich vorgestellt hatte. Weil er, der Bezwinger Israels, auf das Kriegsopfer geh\u00f6rt hat. Weil er sich seinen Dienern zeigen konnte, wie er ist. Weil er am Ende Vertrauen fassen konnte \u2013 gegen sein eigenes Misstrauen und seinen Stolz. Heilung, echte Heilung, hat immer auch mit Vertrauen zu tun: dass einer da ist, dem wir uns zeigen k\u00f6nnen, wie wir sind.<\/p>\n<p><strong>\u00a0<\/strong><\/p>\n<p>Cornelia Coenen-Marx<\/p>\n<p>Mehr zur Fastenaktion der evengelischen Kirche 2018\u00a0\u201eZeig dich!\u201c unter:<\/p>\n<p><a href=\"https:\/\/7wochenohne.evangelisch.de\/\" target=\"_blank\" rel=\"noopener noreferrer\">https:\/\/7wochenohne.evangelisch.de<\/a><\/p>\n<p>&nbsp;<\/p>\n<p><a href=\"http:\/\/www.seele-und-sorge.de\/?page_id=394\"><img loading=\"lazy\" decoding=\"async\" class=\"alignleft wp-image-2960 size-full\" src=\"http:\/\/www.seele-und-sorge.de\/wp-content\/uploads\/2017\/06\/Aufbrueche_01.gif\" alt=\"\" width=\"120\" height=\"115\" \/><\/a><a href=\"http:\/\/www.seele-und-sorge.de\/?page_id=394\"><img loading=\"lazy\" decoding=\"async\" class=\"alignleft wp-image-2961 size-full\" src=\"http:\/\/www.seele-und-sorge.de\/wp-content\/uploads\/2017\/06\/Symphonie.gif\" alt=\"\" width=\"120\" height=\"115\" \/><\/a><a href=\"http:\/\/www.seele-und-sorge.de\/?page_id=394\"><img loading=\"lazy\" decoding=\"async\" class=\"alignleft wp-image-2962 size-full\" src=\"http:\/\/www.seele-und-sorge.de\/wp-content\/uploads\/2017\/06\/noch_einmal.gif\" alt=\"\" width=\"120\" height=\"115\" \/><\/a><\/p>\n<p><a href=\"https:\/\/www.facebook.com\/Seele-und-Sorge-278815565795410\/?fref=ts\" target=\"_blank\" rel=\"noopener noreferrer\"><img loading=\"lazy\" decoding=\"async\" class=\"alignleft size-full wp-image-2023\" src=\"http:\/\/www.seele-und-sorge.de\/wp-content\/uploads\/2016\/06\/facebook_s_kl.png\" alt=\"facebook_s_kl\" width=\"37\" height=\"37\" \/><\/a><\/p>\n<p><a href=\"https:\/\/www.facebook.com\/Seele-und-Sorge-278815565795410\/?fref=ts\" target=\"_blank\" rel=\"noopener noreferrer\">Besuchen Sie auch unsere facebookseite \u201eSeele &amp; Sorge\u201c<\/a><\/p>\n","protected":false},"excerpt":{"rendered":"<p>\u201eZeig dich!\u201c hei\u00dft die diesj\u00e4hrige Fastenaktion der evangelischen Kirche. Eine Ermutigung, so sichtbar zu werden, wie wir sind. Und zugleich&#8230; <a href=\"https:\/\/www.seele-und-sorge.de\/?p=3368\">read more<\/a><\/p>\n","protected":false},"author":1,"featured_media":3370,"comment_status":"closed","ping_status":"closed","sticky":false,"template":"","format":"standard","meta":{"footnotes":""},"categories":[1,19],"tags":[],"class_list":["post-3368","post","type-post","status-publish","format-standard","has-post-thumbnail","hentry","category-allgemein","category-blog-seele-sorge"],"_links":{"self":[{"href":"https:\/\/www.seele-und-sorge.de\/index.php?rest_route=\/wp\/v2\/posts\/3368"}],"collection":[{"href":"https:\/\/www.seele-und-sorge.de\/index.php?rest_route=\/wp\/v2\/posts"}],"about":[{"href":"https:\/\/www.seele-und-sorge.de\/index.php?rest_route=\/wp\/v2\/types\/post"}],"author":[{"embeddable":true,"href":"https:\/\/www.seele-und-sorge.de\/index.php?rest_route=\/wp\/v2\/users\/1"}],"replies":[{"embeddable":true,"href":"https:\/\/www.seele-und-sorge.de\/index.php?rest_route=%2Fwp%2Fv2%2Fcomments&post=3368"}],"version-history":[{"count":3,"href":"https:\/\/www.seele-und-sorge.de\/index.php?rest_route=\/wp\/v2\/posts\/3368\/revisions"}],"predecessor-version":[{"id":3373,"href":"https:\/\/www.seele-und-sorge.de\/index.php?rest_route=\/wp\/v2\/posts\/3368\/revisions\/3373"}],"wp:featuredmedia":[{"embeddable":true,"href":"https:\/\/www.seele-und-sorge.de\/index.php?rest_route=\/wp\/v2\/media\/3370"}],"wp:attachment":[{"href":"https:\/\/www.seele-und-sorge.de\/index.php?rest_route=%2Fwp%2Fv2%2Fmedia&parent=3368"}],"wp:term":[{"taxonomy":"category","embeddable":true,"href":"https:\/\/www.seele-und-sorge.de\/index.php?rest_route=%2Fwp%2Fv2%2Fcategories&post=3368"},{"taxonomy":"post_tag","embeddable":true,"href":"https:\/\/www.seele-und-sorge.de\/index.php?rest_route=%2Fwp%2Fv2%2Ftags&post=3368"}],"curies":[{"name":"wp","href":"https:\/\/api.w.org\/{rel}","templated":true}]}}