{"id":1670,"date":"2016-05-15T15:37:40","date_gmt":"2016-05-15T15:37:40","guid":{"rendered":"http:\/\/www.seele-und-sorge.de\/?p=1670"},"modified":"2018-12-13T10:02:33","modified_gmt":"2018-12-13T09:02:33","slug":"alle-knospen-springen-auf","status":"publish","type":"post","link":"https:\/\/www.seele-und-sorge.de\/?p=1670","title":{"rendered":"Alle Knospen springen auf &#8230;"},"content":{"rendered":"<h3><a href=\"http:\/\/www.seele-und-sorge.de\/wp-content\/uploads\/2015\/01\/SuS_Logo_RGB_mit-Unterzeile-Kopie.png\"><img loading=\"lazy\" decoding=\"async\" class=\"aligncenter size-medium wp-image-857\" src=\"http:\/\/www.seele-und-sorge.de\/wp-content\/uploads\/2015\/01\/SuS_Logo_RGB_mit-Unterzeile-Kopie-300x107.png\" alt=\"SuS_Logo_RGB_mit Unterzeile Kopie\" width=\"300\" height=\"107\" srcset=\"https:\/\/www.seele-und-sorge.de\/wp-content\/uploads\/2015\/01\/SuS_Logo_RGB_mit-Unterzeile-Kopie-300x107.png 300w, https:\/\/www.seele-und-sorge.de\/wp-content\/uploads\/2015\/01\/SuS_Logo_RGB_mit-Unterzeile-Kopie.png 576w\" sizes=\"(max-width: 300px) 100vw, 300px\" \/><\/a><\/h3>\n<h3 style=\"text-align: center;\"><span style=\"color: #8ab310;\"><em>Alle Knospen springen auf, fangen an zu bl\u00fchen.<br \/>\n<\/em><\/span><span style=\"color: #d48a1c;\"><em>Alle N\u00e4chte werden hell, fangen an zu gl\u00fchen.<\/em><\/span><\/h3>\n<p><a href=\"http:\/\/www.seele-und-sorge.de\/wp-content\/uploads\/2016\/05\/web-02.jpg\"><img loading=\"lazy\" decoding=\"async\" class=\"alignleft wp-image-1671 size-full\" src=\"http:\/\/www.seele-und-sorge.de\/wp-content\/uploads\/2016\/05\/web-02.jpg\" alt=\"\" width=\"300\" height=\"300\" srcset=\"https:\/\/www.seele-und-sorge.de\/wp-content\/uploads\/2016\/05\/web-02.jpg 300w, https:\/\/www.seele-und-sorge.de\/wp-content\/uploads\/2016\/05\/web-02-150x150.jpg 150w\" sizes=\"(max-width: 300px) 100vw, 300px\" \/><\/a><\/p>\n<p>Zwischen Ostern und Pfingsten ist das eins meiner Lieblingslieder: Ein anderes Fr\u00fchlingslied voller Verhei\u00dfung. Dass alle Menschen einander gr\u00fc\u00dfen, die Stummen Sprache finden, die Mauern durchl\u00e4ssig werden \u2013 ja, es sind Utopien, von denen in den verschiedenen Strophen die Rede ist, Wunder eben. Aber hier und da habe ich im letzten Jahr etwas davon erlebt: Aufbr\u00fcche, die gl\u00fccklich machen, Modelle der Zusammenarbeit, die inspirieren \u2013 Menschen, die gemeinsam und mit neuen Ideen etwas anpacken und damit auch aussichtslos erscheinende Probleme bew\u00e4ltigen. Ja, es gab und gibt die Kriege und Katastrophen, die uns n\u00e4her scheinen als fr\u00fcher, die Terroranschl\u00e4ge in den Nachbarl\u00e4ndern \u2013 und die vielen Menschen, die fliehen, die hier ankommen. Aber es gab und gibt auch die vielen Engagierten, die sich f\u00fcr eine andere Welt einsetzen, und es hat mich ber\u00fchrt, das immer wieder zu erleben: beim Frauenmahl zum Thema \u201eHeimat\u201c in B\u00f6blingen, beim Nachbarschaftsnetzwerk in Burscheid\u00ad oder beim Neujahrsempfang in Ludwigsburg zum Thema \u201eFriede den Kommenden\u201c. Gro\u00dfartig auch die Initiativen im Rheinisch-Bergischen Kreis, einer der Modellregionen von \u201eWir sind Nachbarn. Alle\u201c. Caring Communities \u2013 Sorgende Gemeinschaften, das ist das Schlagwort, unter dem solche Aktivit\u00e4ten auch von der Bundesregierung als Perspektive f\u00fcr die Fortentwicklung unserer Gesellschaft in den Blick genommen werden \u2013 in diesem Jahr mit dem von der Bundesregierung beauftragten Altenbericht und dem Engagementbericht. Die Kirche st\u00e4rkt das ehrenamtliche Engagement strategisch zum Beispiel mit der Ehrenamtsakademie in Frankfurt. Inspierend ist dazu auch die neue EKD-Website: <a href=\"http:\/\/www.evangelisch-ehrenamt.de\/\" target=\"_blank\" rel=\"noopener\">www.evangelisch-ehrenamt.de<\/a>. An vielen \u00adOrten gehen B\u00fcrgerinnen und B\u00fcrger, Kommune, Kirchen und viele Initiativen und Vereine gemeinsame Wege in Richtung eines echten Miteinanders.<\/p>\n<h3 style=\"text-align: center;\"><em><span style=\"color: #8ab310;\">Alle Menschen auf der Welt fangen an zu teilen.<br \/>\n<\/span><\/em><span style=\"color: #d48a1c;\"><em>Alle Wunden auf der Welt fangen an zu heilen.<\/em><\/span><\/h3>\n<p><a href=\"http:\/\/www.seele-und-sorge.de\/wp-content\/uploads\/2016\/05\/web_01.jpg\"><img loading=\"lazy\" decoding=\"async\" class=\"alignleft wp-image-1673 size-full\" src=\"http:\/\/www.seele-und-sorge.de\/wp-content\/uploads\/2016\/05\/web_01.jpg\" alt=\"\" width=\"300\" height=\"300\" srcset=\"https:\/\/www.seele-und-sorge.de\/wp-content\/uploads\/2016\/05\/web_01.jpg 300w, https:\/\/www.seele-und-sorge.de\/wp-content\/uploads\/2016\/05\/web_01-150x150.jpg 150w\" sizes=\"(max-width: 300px) 100vw, 300px\" \/><\/a>Seit M\u00e4rz 2015, seit einem Jahr also, bin ich nun mit meiner Firma \u201eSeele und Sorge\u201c unterwegs, gebe Impulse in den Feldern Quartiersarbeit und \u00adEngagement, denke mit haupt- und ehrenamtlichen F\u00fchrungskr\u00e4ften in Kirche und Diakonie \u00fcber Inklusion und neue Wohnformen nach. Ich begegne diakonischen Aufbr\u00fcchen in Unternehmen und spirituellen Gemeinschaften in und au\u00dferhalb von Institutionen\u00ad und versuche sie dabei zu unterst\u00fctzen, die Sorge f\u00fcr Leib und Seele zusammenzuhalten. Verantwortliche begleite ich mit Coaching bei ihrer Aufgabe, Kirche in den aktuellen Umbr\u00fcchen zu leben, das kirchliche Ehrenamt neu zu profilieren oder auch neue Rituale zu gestalten. Viel Ermutigendes habe ich erlebt in M\u00fchlhausen, Treysa, Hamburg, Rummelsberg und anderswo.<\/p>\n<p>In diesem Jahr 2016 soll nun ein neues Projekt starten: die <a href=\"http:\/\/www.seele-und-sorge.de\/?page_id=1466\" target=\"_blank\" rel=\"noopener\">diakonischen Pilgerreisen<\/a>. Ich freue mich, wenn ich hier und da mithelfen kann, Br\u00fccken zu schlagen, Mauern durchl\u00e4ssiger zu machen und den Horizont zu \u00f6ffnen.\u00a0<strong><a href=\"http:\/\/www.seele-und-sorge.de\/?page_id=1466\" target=\"_blank\" rel=\"noopener\">F\u00fcr weitere Informationen bitte hier klicken<\/a>.<\/strong><\/p>\n<h3 style=\"text-align: center;\"><span style=\"color: #8ab310;\"><em>Alle Stummen hier und da fangen an zu gr\u00fc\u00dfen.<br \/>\n<\/em><\/span><span style=\"color: #d48a1c;\"><em>Alle Mauern tot und hart werden weich und flie\u00dfen.<\/em><\/span><\/h3>\n<p>Wunder dauern manchmal etwas l\u00e4nger und selber machen k\u00f6nnen wir sie schon gar nicht. Diese Zeit ist voller Anf\u00e4nge. Ich denke, wir brauchen vor allem Hoffnung, Mut und Geduld.\u00a0Ich w\u00fcnsche allen in diesen Pfingsttagen den frischen Geist des Neuanfangs!<\/p>\n<p>&nbsp;<\/p>\n","protected":false},"excerpt":{"rendered":"<p>Alle Knospen springen auf, fangen an zu bl\u00fchen. Alle N\u00e4chte werden hell, fangen an zu gl\u00fchen. Zwischen Ostern und Pfingsten&#8230; <a href=\"https:\/\/www.seele-und-sorge.de\/?p=1670\">read more<\/a><\/p>\n","protected":false},"author":1,"featured_media":0,"comment_status":"closed","ping_status":"closed","sticky":false,"template":"","format":"standard","meta":{"footnotes":""},"categories":[1],"tags":[],"class_list":["post-1670","post","type-post","status-publish","format-standard","hentry","category-allgemein"],"_links":{"self":[{"href":"https:\/\/www.seele-und-sorge.de\/index.php?rest_route=\/wp\/v2\/posts\/1670"}],"collection":[{"href":"https:\/\/www.seele-und-sorge.de\/index.php?rest_route=\/wp\/v2\/posts"}],"about":[{"href":"https:\/\/www.seele-und-sorge.de\/index.php?rest_route=\/wp\/v2\/types\/post"}],"author":[{"embeddable":true,"href":"https:\/\/www.seele-und-sorge.de\/index.php?rest_route=\/wp\/v2\/users\/1"}],"replies":[{"embeddable":true,"href":"https:\/\/www.seele-und-sorge.de\/index.php?rest_route=%2Fwp%2Fv2%2Fcomments&post=1670"}],"version-history":[{"count":5,"href":"https:\/\/www.seele-und-sorge.de\/index.php?rest_route=\/wp\/v2\/posts\/1670\/revisions"}],"predecessor-version":[{"id":4095,"href":"https:\/\/www.seele-und-sorge.de\/index.php?rest_route=\/wp\/v2\/posts\/1670\/revisions\/4095"}],"wp:attachment":[{"href":"https:\/\/www.seele-und-sorge.de\/index.php?rest_route=%2Fwp%2Fv2%2Fmedia&parent=1670"}],"wp:term":[{"taxonomy":"category","embeddable":true,"href":"https:\/\/www.seele-und-sorge.de\/index.php?rest_route=%2Fwp%2Fv2%2Fcategories&post=1670"},{"taxonomy":"post_tag","embeddable":true,"href":"https:\/\/www.seele-und-sorge.de\/index.php?rest_route=%2Fwp%2Fv2%2Ftags&post=1670"}],"curies":[{"name":"wp","href":"https:\/\/api.w.org\/{rel}","templated":true}]}}